{"id":15669,"date":"2017-01-03T09:37:26","date_gmt":"2017-01-03T12:37:26","guid":{"rendered":"http:\/\/www.artesanato.com\/blog\/?p=15669"},"modified":"2017-01-03T09:37:26","modified_gmt":"2017-01-03T12:37:26","slug":"horta-vertical-para-sua-casa","status":"publish","type":"post","link":"https:\/\/www.artesanato.com\/blog\/horta-vertical-para-sua-casa\/","title":{"rendered":"Descubra Como Fazer uma Horta Vertical para sua Casa"},"content":{"rendered":"<p>As <strong>hortas verticais<\/strong> surgem como uma alternativa para incorporar o verde em pequenos espa\u00e7os residenciais. Al\u00e9m disso, ter alimentos frescos em casa \u00e9 um grande incentivo para se alimentar melhor. Por esses motivos, cada vez mais pessoas querem saber como fazer uma horta vertical em casa, pois esse projeto proporciona tudo isso: alimentos frescos e economia de espa\u00e7o.<\/p>\n<p>Para que voc\u00ea possa aproveitar algum cantinho da sua casa e ainda ter uma alimenta\u00e7\u00e3o mais saborosa, vamos dar todas as dicas que voc\u00ea precisa saber para montar uma horta em casa. Aqui voc\u00ea vai ver qual o melhor local para colocar at\u00e9 dicas de vegetais que voc\u00ea pode cultivar com mais facilidade.<\/p>\n<p>Al\u00e9m de tudo isso voc\u00ea tamb\u00e9m ter\u00e1 acesso a um passo a passo bem legal de horta suspensa, e ainda poder\u00e1 se inspirar em v\u00e1rias ideias para criar um modelo de horta s\u00f3 seu. Continue com a gente para aproveitar todas as dicas.<\/p>\n<p><em>Veja tamb\u00e9m:<\/em><\/p>\n<p><a href=\"https:\/\/www.artesanato.com\/blog\/vasos-de-ceramica-decorados-com-marcador-permanente\/\"><em>Vasos de Cer\u00e2mica Decorados com Marcador Permanente<\/em><\/a><\/p>\n<p><em><a href=\"https:\/\/www.artesanato.com\/blog\/ideias-geniais-para-plantar-em-garrafas-pet\/\">Reciclagem de garrafas PET \u2013 utilize-as para plantar<\/a><\/em><\/p>\n<h2>Qual o melhor local<\/h2>\n<figure id=\"attachment_15699\" class=\"thumbnail wp-caption aligncenter\" style=\"width: 650px\"><a href=\"https:\/\/www.artesanato.com\/blog\/wp-content\/uploads\/2016\/12\/onde-colocar-o-jardim-vertical.jpg\"><img loading=\"lazy\" class=\"wp-image-15699 size-full\" src=\"https:\/\/www.artesanato.com\/blog\/wp-content\/uploads\/2016\/12\/onde-colocar-o-jardim-vertical.jpg\" alt=\"onde-colocar-o-jardim-vertical\" width=\"640\" height=\"400\" srcset=\"https:\/\/www.artesanato.com\/blog\/wp-content\/uploads\/2016\/12\/onde-colocar-o-jardim-vertical.jpg 640w, https:\/\/www.artesanato.com\/blog\/wp-content\/uploads\/2016\/12\/onde-colocar-o-jardim-vertical-500x313.jpg 500w\" sizes=\"(max-width: 640px) 100vw, 640px\" \/><\/a><figcaption class=\"caption wp-caption-text\">Fonte: thedomesticheart<\/figcaption><\/figure>\n<p>Por conta da grande incid\u00eancia de sol, a varanda \u00e9 o local mais indicado\u00a0para a montagem de uma <strong>horta vertical<\/strong>. Mas,\u00a0quem n\u00e3o conta com\u00a0espa\u00e7o em casa,\u00a0como \u00e9 o caso de quem mora em apartamento, pode aproveitar qualquer cantinho que tenha uma boa luminosidade natural. Locais pr\u00f3ximos \u00e0 janela s\u00e3o ideais.<\/p>\n<h2>O que plantar<\/h2>\n<figure id=\"attachment_15698\" class=\"thumbnail wp-caption aligncenter\" style=\"width: 646px\"><a href=\"https:\/\/www.artesanato.com\/blog\/wp-content\/uploads\/2016\/12\/hortinha-caseira-com-plaquinhas.jpg\"><img loading=\"lazy\" class=\"wp-image-15698 size-full\" src=\"https:\/\/www.artesanato.com\/blog\/wp-content\/uploads\/2016\/12\/hortinha-caseira-com-plaquinhas.jpg\" alt=\"hortinha-caseira-com-plaquinhas\" width=\"636\" height=\"357\" srcset=\"https:\/\/www.artesanato.com\/blog\/wp-content\/uploads\/2016\/12\/hortinha-caseira-com-plaquinhas.jpg 636w, https:\/\/www.artesanato.com\/blog\/wp-content\/uploads\/2016\/12\/hortinha-caseira-com-plaquinhas-500x281.jpg 500w\" sizes=\"(max-width: 636px) 100vw, 636px\" \/><\/a><figcaption class=\"caption wp-caption-text\">Fonte: <a href=\"http:\/\/followthecolours.com.br\/follow-decora\/5-ideias-de-como-fazer-uma-mini-horta-para-a-sua-casa\/\">followthecolours<\/a><\/figcaption><\/figure>\n<p>Muitas pessoas t\u00eam d\u00favidas sobre <a href=\"http:\/\/minhacasaminhacara.com.br\/horta-vertical-o-que-plantar\/\">o que plantar<\/a>\u00a0em uma horta caseira. Se este \u00e9 o seu caso, confira abaixo algumas op\u00e7\u00f5es de vegetais f\u00e1ceis de cultivar.<\/p>\n<h3>Hortali\u00e7as<\/h3>\n<p>As hortali\u00e7as s\u00e3o uma boa\u00a0pedida para as hortas caseiras. Algumas op\u00e7\u00f5es de f\u00e1cil cultivo, e que cabem em pequenos espa\u00e7os, s\u00e3o a salsinha, a cebolinha, o coentro e a alface.\u00a0J\u00e1 as hortali\u00e7as de folhagem maior, como \u00e9 o caso da couve e da acelga, podem precisar mais espa\u00e7o para se desenvolverem.<\/p>\n<h3>Frutos<\/h3>\n<p>O tomate cereja e o quiabo s\u00e3o frutos de f\u00e1cil cultivo e ideais para\u00a0pequenos ambientes. \u00c9 sempre bom ter tomate em casa, um vegetal saboroso e excelente para saladas e molhos.<\/p>\n<h3>Ra\u00edzes<\/h3>\n<p>Os vegetais classificados como ra\u00edzes, como \u00e9 o caso da cenoura e do rabanete, tamb\u00e9m s\u00e3o boas op\u00e7\u00f5es para as hortas verticais. Como as ra\u00edzes crescem debaixo da terra, \u00e9 importante que o vaso usado para o plantio tenha uma quantidade suficiente de terra. Os vasos muito rasos n\u00e3o s\u00e3o recomendados.<\/p>\n<p>Se voc\u00ea gostou das dicas de plantas, ent\u00e3o voc\u00ea vai amar saber como montar uma horta vertical em casa. Confira logo abaixo.<\/p>\n<h2>Como montar uma horta vertical<\/h2>\n<p>As hortas verticais podem ser montadas de diferentes jeitos e com os mais variados materiais. A <a href=\"http:\/\/www.revistaartesanato.com.br\/hortinha-caseira-usando-garrafas-pet-reciclagem-e-criatividade\/\">hortinha caseira de garrafa pet<\/a>, por exemplo, \u00e9 uma boa pedida para quem precisa de uma alternativa econ\u00f4mica e acess\u00edvel.<\/p>\n<figure id=\"attachment_15694\" class=\"thumbnail wp-caption aligncenter\" style=\"width: 651px\"><a href=\"https:\/\/www.artesanato.com\/blog\/wp-content\/uploads\/2016\/12\/horta-com-caixa-de-leite.jpg\"><img loading=\"lazy\" class=\"wp-image-15694 size-full\" src=\"https:\/\/www.artesanato.com\/blog\/wp-content\/uploads\/2016\/12\/horta-com-caixa-de-leite.jpg\" alt=\"horta-com-caixa-de-leite\" width=\"641\" height=\"361\" srcset=\"https:\/\/www.artesanato.com\/blog\/wp-content\/uploads\/2016\/12\/horta-com-caixa-de-leite.jpg 641w, https:\/\/www.artesanato.com\/blog\/wp-content\/uploads\/2016\/12\/horta-com-caixa-de-leite-500x282.jpg 500w\" sizes=\"(max-width: 641px) 100vw, 641px\" \/><\/a><figcaption class=\"caption wp-caption-text\">Fonte: <a href=\"http:\/\/gaveteirodeartes.blogspot.com.br\/2013\/07\/sem-espaco-para-plantar-seus-temperos.html\">gaveteirodeartes<\/a><\/figcaption><\/figure>\n<p>Quem curte essa pegada de reciclagem, tamb\u00e9m pode usar materiais alternativos para fazer o plantio dos vegetais. Assim, materiais como <a href=\"https:\/\/www.artesanato.com\/blog\/artesanato-com-caixas-de-leite-aprenda-a-fazer-passo-a-passo\/\">caixa de leite<\/a>, <a href=\"https:\/\/www.artesanato.com\/blog\/artesanato-com-pneus-10-ideias\/\">pneus velhos<\/a> e <a href=\"https:\/\/www.artesanato.com\/blog\/artesanato-com-lata-de-leite\/\">latas de leite<\/a>\u00a0podem substituir os\u00a0tradicionais\u00a0<a href=\"http:\/\/www.revistaartesanato.com.br\/vaso-de-plantas-decorado-com-tecido\/\">vasos de plantas<\/a>\u00a0e render belos espa\u00e7os verde. Se voc\u00ea gostou das dicas, confira abaixo um tutorial completo para fazer uma horta vertical em casa.<\/p>\n<h3>Horta Vertical\u00a0Passo a Passo<\/h3>\n<p><a href=\"https:\/\/www.artesanato.com\/blog\/wp-content\/uploads\/2016\/12\/pendure-os-vasinhos-na-placa-de-madeira.jpg\"><img loading=\"lazy\" class=\"size-full wp-image-15692 aligncenter\" src=\"https:\/\/www.artesanato.com\/blog\/wp-content\/uploads\/2016\/12\/pendure-os-vasinhos-na-placa-de-madeira.jpg\" alt=\"pendure-os-vasinhos-na-placa-de-madeira\" width=\"642\" height=\"670\" srcset=\"https:\/\/www.artesanato.com\/blog\/wp-content\/uploads\/2016\/12\/pendure-os-vasinhos-na-placa-de-madeira.jpg 642w, https:\/\/www.artesanato.com\/blog\/wp-content\/uploads\/2016\/12\/pendure-os-vasinhos-na-placa-de-madeira-479x500.jpg 479w\" sizes=\"(max-width: 642px) 100vw, 642px\" \/><\/a><\/p>\n<p>Voc\u00ea vai ver como fazer uma horta de condimentos para usar na\u00a0cozinha &#8211; ou em qualquer outro lugar que tenha\u00a0janela e boa ilumina\u00e7\u00e3o.\u00a0Esse projeto \u00e9 t\u00e3o simples que qualquer um pode coloc\u00e1-lo em pr\u00e1tica.<\/p>\n<p>Para fazer a horta, a madeira usada como suporte pode ser r\u00fastica, pintada ou mesmo estar ao natural. Se voc\u00ea prefere algo diferenciado, voc\u00ea pode transformar a pe\u00e7a de madeira em uma esp\u00e9cie\u00a0de quadro negro.\u00a0Se voc\u00ea gostou da dica, fique com a gente para ver como fazer uma <span style=\"text-decoration: underline;\">hortinha moderna e despojada com pintura lousa<\/span>.<\/p>\n<h4>Materiais Necess\u00e1rios<a href=\"https:\/\/www.artesanato.com\/blog\/wp-content\/uploads\/2016\/12\/hota-verical-materiais.jpg\"><img loading=\"lazy\" class=\"size-full wp-image-15671 aligncenter\" src=\"https:\/\/www.artesanato.com\/blog\/wp-content\/uploads\/2016\/12\/hota-verical-materiais.jpg\" alt=\"hota-verical-materiais\" width=\"641\" height=\"450\" srcset=\"https:\/\/www.artesanato.com\/blog\/wp-content\/uploads\/2016\/12\/hota-verical-materiais.jpg 641w, https:\/\/www.artesanato.com\/blog\/wp-content\/uploads\/2016\/12\/hota-verical-materiais-500x351.jpg 500w\" sizes=\"(max-width: 641px) 100vw, 641px\" \/><\/a><\/h4>\n<ul>\n<li>Baldinhos galvanizados ou latas recicladas<\/li>\n<li>Corda<\/li>\n<li>T\u00e1bua de madeira com cerca de 3 cm de espessura e medindo aproximadamente 15 cm x 90,0 cm<\/li>\n<li>Chave de fenda<\/li>\n<li>Martelo<\/li>\n<li>Pregos<\/li>\n<li>Tinta <em>spray<\/em> ou esmalte base \u00e1gua na cor preto fosco<\/li>\n<li>Giz branco<\/li>\n<li>Terra\u00a0para o plantio<\/li>\n<li>Mudas ou sementes de temperos<\/li>\n<\/ul>\n<h4>Passo a Passo<\/h4>\n<p>1. Com a\u00a0chave de fenda e o martelo, fa\u00e7a dois furos na extremidade do balde.<\/p>\n<p><a href=\"https:\/\/www.artesanato.com\/blog\/wp-content\/uploads\/2016\/12\/fure-os-baldinhos-de-aco.jpg\"><img loading=\"lazy\" class=\"size-full wp-image-15672 aligncenter\" src=\"https:\/\/www.artesanato.com\/blog\/wp-content\/uploads\/2016\/12\/fure-os-baldinhos-de-aco.jpg\" alt=\"fure-os-baldinhos-de-aco\" width=\"640\" height=\"374\" srcset=\"https:\/\/www.artesanato.com\/blog\/wp-content\/uploads\/2016\/12\/fure-os-baldinhos-de-aco.jpg 640w, https:\/\/www.artesanato.com\/blog\/wp-content\/uploads\/2016\/12\/fure-os-baldinhos-de-aco-500x292.jpg 500w\" sizes=\"(max-width: 640px) 100vw, 640px\" \/><\/a><\/p>\n<p><em>\u00c9 importante fazer uma boa abertura, pois \u00e9 justamente nesses furinhos que ser\u00e1 inserida\u00a0a corda.\u00a0<\/em><\/p>\n<p><a href=\"https:\/\/www.artesanato.com\/blog\/wp-content\/uploads\/2016\/12\/baldinho-de-aco-com-furo.jpg\"><img loading=\"lazy\" class=\"size-full wp-image-15673 aligncenter\" src=\"https:\/\/www.artesanato.com\/blog\/wp-content\/uploads\/2016\/12\/baldinho-de-aco-com-furo.jpg\" alt=\"baldinho-de-aco-com-furo\" width=\"641\" height=\"439\" srcset=\"https:\/\/www.artesanato.com\/blog\/wp-content\/uploads\/2016\/12\/baldinho-de-aco-com-furo.jpg 641w, https:\/\/www.artesanato.com\/blog\/wp-content\/uploads\/2016\/12\/baldinho-de-aco-com-furo-500x342.jpg 500w\" sizes=\"(max-width: 641px) 100vw, 641px\" \/><\/a><\/p>\n<p>2. Mude ou <a href=\"http:\/\/universoarqdecor.blogspot.com.br\/2015\/05\/horta-vertical-passo-passo.html\">plante<\/a> os\u00a0temperos nos baldes. Use um recipiente para cada esp\u00e9cie de hortali\u00e7a e n\u00e3o exagere na quantidade de mudas ou sementes.<\/p>\n<p>3. Depois do plantio, fa\u00e7a as al\u00e7as dos baldinhos usando a corda. Para isso, corte peda\u00e7os\u00a0de corda de aproximadamente 40 cm, passe nos furos e prenda dando alguns n\u00f3s.<\/p>\n<p><a href=\"https:\/\/www.artesanato.com\/blog\/wp-content\/uploads\/2016\/12\/passe-o-giz-na-placa-de-madeira.jpg\"><img loading=\"lazy\" class=\"size-full wp-image-15674 aligncenter\" src=\"https:\/\/www.artesanato.com\/blog\/wp-content\/uploads\/2016\/12\/passe-o-giz-na-placa-de-madeira.jpg\" alt=\"passe-o-giz-na-placa-de-madeira\" width=\"639\" height=\"416\" srcset=\"https:\/\/www.artesanato.com\/blog\/wp-content\/uploads\/2016\/12\/passe-o-giz-na-placa-de-madeira.jpg 639w, https:\/\/www.artesanato.com\/blog\/wp-content\/uploads\/2016\/12\/passe-o-giz-na-placa-de-madeira-500x326.jpg 500w\" sizes=\"(max-width: 639px) 100vw, 639px\" \/><\/a><\/p>\n<p>4. Com a tinta preta, pinte a placa de madeira e deixe secar.<\/p>\n<p>5. Com a pe\u00e7a seca, passe o giz branco por toda a madeira para dar o efeito de quadro negro.<\/p>\n<p><a href=\"https:\/\/www.artesanato.com\/blog\/wp-content\/uploads\/2016\/12\/encaixe-os-pregos-na-madeira.jpg\"><img loading=\"lazy\" class=\"size-full wp-image-15675 aligncenter\" src=\"https:\/\/www.artesanato.com\/blog\/wp-content\/uploads\/2016\/12\/encaixe-os-pregos-na-madeira.jpg\" alt=\"encaixe-os-pregos-na-madeira\" width=\"641\" height=\"423\" srcset=\"https:\/\/www.artesanato.com\/blog\/wp-content\/uploads\/2016\/12\/encaixe-os-pregos-na-madeira.jpg 641w, https:\/\/www.artesanato.com\/blog\/wp-content\/uploads\/2016\/12\/encaixe-os-pregos-na-madeira-500x330.jpg 500w\" sizes=\"(max-width: 641px) 100vw, 641px\" \/><\/a><\/p>\n<p>6. Bata os pregos na t\u00e1bua deixando aproximadamente a mesma dist\u00e2ncia entre eles. Feito isso, o suporte da <strong>horta vertical<\/strong> estar\u00e1 prontinho, a\u00ed \u00e9 s\u00f3 voc\u00ea pendurar os vasinhos contendo os\u00a0deliciosos temperos.<\/p>\n<p><a href=\"https:\/\/www.artesanato.com\/blog\/wp-content\/uploads\/2016\/12\/horta-vertical-na-parede.jpg\"><img loading=\"lazy\" class=\"size-full wp-image-15676 aligncenter\" src=\"https:\/\/www.artesanato.com\/blog\/wp-content\/uploads\/2016\/12\/horta-vertical-na-parede.jpg\" alt=\"horta-vertical-na-parede\" width=\"448\" height=\"654\" srcset=\"https:\/\/www.artesanato.com\/blog\/wp-content\/uploads\/2016\/12\/horta-vertical-na-parede.jpg 448w, https:\/\/www.artesanato.com\/blog\/wp-content\/uploads\/2016\/12\/horta-vertical-na-parede-343x500.jpg 343w\" sizes=\"(max-width: 448px) 100vw, 448px\" \/><\/a><\/p>\n<p>O legal dessa ideia \u00e9 que a placa de madeira pode ser levada para v\u00e1rios lugares. Ela pode ficar apoiada em um balc\u00e3o, ser fixada na parede ou at\u00e9 mesmo no peitoril da\u00a0janela. Al\u00e9m disso, esse \u00e9 um projeto muito econ\u00f4mico.<\/p>\n<p>Se voc\u00ea gostou dessa ideia, confira abaixo mais 5 modelos lindos e criativos de <strong>jardim vertical<\/strong>. Voc\u00ea ver\u00e1 ideias fant\u00e1sticas que podem ser usadas em\u00a0diferentes cantinhos da casa ou do apartamento.<\/p>\n<p>Imagens:<a href=\"http:\/\/thedomesticheart.com\/simple-vertical-kitchen-herb-garden\/\">\u00a0thedomesticheart<\/a><\/p>\n<h2>5 Inspira\u00e7\u00f5es de horta vertical<\/h2>\n<h3>1.\u00a0Hortali\u00e7as em latas<\/h3>\n<figure id=\"attachment_15677\" class=\"thumbnail wp-caption aligncenter\" style=\"width: 510px\"><a href=\"https:\/\/www.artesanato.com\/blog\/wp-content\/uploads\/2016\/12\/horta-vertical-com-latas-recicladas.jpg\"><img loading=\"lazy\" class=\"wp-image-15677 size-full\" src=\"https:\/\/www.artesanato.com\/blog\/wp-content\/uploads\/2016\/12\/horta-vertical-com-latas-recicladas.jpg\" alt=\"horta-vertical-com-latas-recicladas\" width=\"500\" height=\"374\" \/><\/a><figcaption class=\"caption wp-caption-text\">Fonte: <a href=\"http:\/\/www.goodshomedesign.com\/beaufitul-vertical-garden-ideas\/\">goodshomedesign<\/a><\/figcaption><\/figure>\n<h3>2.\u00a0Hortinha com potes de vidro<\/h3>\n<figure id=\"attachment_15678\" class=\"thumbnail wp-caption aligncenter\" style=\"width: 560px\"><a href=\"https:\/\/www.artesanato.com\/blog\/wp-content\/uploads\/2016\/12\/horta-vertical-com-potes-de-vidro.jpg\"><img loading=\"lazy\" class=\"wp-image-15678 size-full\" src=\"https:\/\/www.artesanato.com\/blog\/wp-content\/uploads\/2016\/12\/horta-vertical-com-potes-de-vidro.jpg\" alt=\"horta-vertical-com-potes-de-vidro\" width=\"550\" height=\"680\" srcset=\"https:\/\/www.artesanato.com\/blog\/wp-content\/uploads\/2016\/12\/horta-vertical-com-potes-de-vidro.jpg 550w, https:\/\/www.artesanato.com\/blog\/wp-content\/uploads\/2016\/12\/horta-vertical-com-potes-de-vidro-404x500.jpg 404w\" sizes=\"(max-width: 550px) 100vw, 550px\" \/><\/a><figcaption class=\"caption wp-caption-text\">Fonte: <a href=\"http:\/\/www.goodshomedesign.com\/beaufitul-vertical-garden-ideas\/\">goodshomedesign<\/a><\/figcaption><\/figure>\n<h3>3. Horta na varanda<\/h3>\n<figure id=\"attachment_15682\" class=\"thumbnail wp-caption aligncenter\" style=\"width: 560px\"><a href=\"https:\/\/www.artesanato.com\/blog\/wp-content\/uploads\/2016\/12\/horta-vertical-prateleiras-de-madeira.jpg\"><img loading=\"lazy\" class=\"wp-image-15682 size-full\" src=\"https:\/\/www.artesanato.com\/blog\/wp-content\/uploads\/2016\/12\/horta-vertical-prateleiras-de-madeira.jpg\" alt=\"horta-vertical-prateleiras-de-madeira\" width=\"550\" height=\"750\" srcset=\"https:\/\/www.artesanato.com\/blog\/wp-content\/uploads\/2016\/12\/horta-vertical-prateleiras-de-madeira.jpg 550w, https:\/\/www.artesanato.com\/blog\/wp-content\/uploads\/2016\/12\/horta-vertical-prateleiras-de-madeira-367x500.jpg 367w\" sizes=\"(max-width: 550px) 100vw, 550px\" \/><\/a><figcaption class=\"caption wp-caption-text\">Fonte: <a href=\"http:\/\/dicasdearquitetura.com.br\/dicas-para-projetar-varandas\/\">dicasdearquitetura<\/a><\/figcaption><\/figure>\n<h3>4. Horta port\u00e1til feita com canecas<\/h3>\n<figure id=\"attachment_15683\" class=\"thumbnail wp-caption aligncenter\" style=\"width: 649px\"><a href=\"https:\/\/www.artesanato.com\/blog\/wp-content\/uploads\/2016\/12\/horta-vertical-ervas-em-canecas.jpg\"><img loading=\"lazy\" class=\"wp-image-15683 size-full\" src=\"https:\/\/www.artesanato.com\/blog\/wp-content\/uploads\/2016\/12\/horta-vertical-ervas-em-canecas.jpg\" alt=\"horta-vertical-ervas-em-canecas\" width=\"639\" height=\"407\" srcset=\"https:\/\/www.artesanato.com\/blog\/wp-content\/uploads\/2016\/12\/horta-vertical-ervas-em-canecas.jpg 639w, https:\/\/www.artesanato.com\/blog\/wp-content\/uploads\/2016\/12\/horta-vertical-ervas-em-canecas-500x318.jpg 500w\" sizes=\"(max-width: 639px) 100vw, 639px\" \/><\/a><figcaption class=\"caption wp-caption-text\">Fonte: <a href=\"http:\/\/revistacasaejardim.globo.com\/Casa-e-Jardim\/Galeria-de-fotos\/fotos\/2014\/01\/horta-em-casa.html\">revistacasaejardim<\/a><\/figcaption><\/figure>\n<h3>5. Horta dentro de casa<\/h3>\n<figure id=\"attachment_15684\" class=\"thumbnail wp-caption aligncenter\" style=\"width: 650px\"><a href=\"https:\/\/www.artesanato.com\/blog\/wp-content\/uploads\/2016\/12\/horta-vertical-dentro-de-casa.jpg\"><img loading=\"lazy\" class=\"wp-image-15684 size-full\" src=\"https:\/\/www.artesanato.com\/blog\/wp-content\/uploads\/2016\/12\/horta-vertical-dentro-de-casa.jpg\" alt=\"horta-vertical-dentro-de-casa\" width=\"640\" height=\"629\" srcset=\"https:\/\/www.artesanato.com\/blog\/wp-content\/uploads\/2016\/12\/horta-vertical-dentro-de-casa.jpg 640w, https:\/\/www.artesanato.com\/blog\/wp-content\/uploads\/2016\/12\/horta-vertical-dentro-de-casa-500x491.jpg 500w, https:\/\/www.artesanato.com\/blog\/wp-content\/uploads\/2016\/12\/horta-vertical-dentro-de-casa-60x60.jpg 60w\" sizes=\"(max-width: 640px) 100vw, 640px\" \/><\/a><figcaption class=\"caption wp-caption-text\">Fonte: <a href=\"https:\/\/www.homify.ru\/knigi-idej\/125853\/dekor-kuhni\">homify<\/a><\/figcaption><\/figure>\n<p>Como voc\u00ea viu, n\u00e3o \u00e9 preciso contar com grandes espa\u00e7os para\u00a0ter ervas e temperos fresquinhos sempre \u00e0 m\u00e3o. Com a <strong>horta vertical<\/strong>, at\u00e9 os menores ambientes podem ser aproveitados de maneira \u00fatil e inteligente.<\/p>\n<p>Deixe um coment\u00e1rio contando o que voc\u00ea achou das dicas. Aproveite tamb\u00e9m para contar de qual modelo ser\u00e1 a sua pr\u00f3xima horta ou mini jardim.<\/p>\n<p><em>Veja tamb\u00e9m:\u00a0<\/em><\/p>\n<p><em><a href=\"http:\/\/www.revistaartesanato.com.br\/vasinhos-de-garrafa-pet\">Como Fazer Vasinhos de Garrafa PET Para Plantas<\/a><\/em><\/p>\n<p><a href=\"http:\/\/www.revistaartesanato.com.br\/10-ideias-incriveis-jardim-dentro-de-casa\"><em>10 Ideias Incr\u00edveis Para Montar um Jardim Dentro de Casa<\/em><\/a><\/p>\n","protected":false},"excerpt":{"rendered":"<p>As hortas verticais surgem como uma alternativa para incorporar o verde em pequenos espa\u00e7os residenciais. Al\u00e9m disso, ter alimentos frescos em casa \u00e9 um grande incentivo para se alimentar melhor. Por esses motivos, cada vez mais pessoas querem saber como fazer uma horta vertical em casa, pois esse projeto proporciona tudo isso: alimentos frescos e [&hellip;]<\/p>\n","protected":false},"author":321,"featured_media":15705,"comment_status":"closed","ping_status":"open","sticky":false,"template":"","format":"standard","meta":{"om_disable_all_campaigns":false},"categories":[1],"tags":[],"yoast_head":"<!-- This site is optimized with the Yoast SEO plugin v19.6 - https:\/\/yoast.com\/wordpress\/plugins\/seo\/ -->\n<title>Descubra como Fazer uma Horta Vertical Para sua Casa<\/title>\n<meta name=\"description\" content=\"Ter uma alimenta\u00e7\u00e3o com ingredientes frescos \u00e9 tudo de bom. Veja dicas essenciais para criar uma horta vertical na sua casa aproveitando pequenos espa\u00e7os.\" \/>\n<meta name=\"robots\" content=\"index, follow, max-snippet:-1, max-image-preview:large, max-video-preview:-1\" \/>\n<link rel=\"canonical\" href=\"https:\/\/www.artesanato.com\/blog\/horta-vertical-para-sua-casa\/\" \/>\n<meta property=\"og:locale\" content=\"pt_BR\" \/>\n<meta property=\"og:type\" content=\"article\" \/>\n<meta property=\"og:title\" content=\"Tudo que voc\u00ea precisa saber para fazer uma horta vertical na sua casa\" \/>\n<meta property=\"og:description\" content=\"Ter uma alimenta\u00e7\u00e3o com ingredientes frescos \u00e9 tudo de bom. Veja dicas essenciais para criar uma horta vertical na sua casa aproveitando pequenos espa\u00e7os.\" \/>\n<meta property=\"og:url\" content=\"https:\/\/www.artesanato.com\/blog\/horta-vertical-para-sua-casa\/\" \/>\n<meta property=\"og:site_name\" content=\"artesanato.com\" \/>\n<meta property=\"article:published_time\" content=\"2017-01-03T12:37:26+00:00\" \/>\n<meta name=\"author\" content=\"Artesanato.com\" \/>\n<meta name=\"twitter:label1\" content=\"Escrito por\" \/>\n\t<meta name=\"twitter:data1\" content=\"Artesanato.com\" \/>\n\t<meta name=\"twitter:label2\" content=\"Est. tempo de leitura\" \/>\n\t<meta name=\"twitter:data2\" content=\"6 minutos\" \/>\n<script type=\"application\/ld+json\" class=\"yoast-schema-graph\">{\"@context\":\"https:\/\/schema.org\",\"@graph\":[{\"@type\":\"WebPage\",\"@id\":\"https:\/\/www.artesanato.com\/blog\/horta-vertical-para-sua-casa\/\",\"url\":\"https:\/\/www.artesanato.com\/blog\/horta-vertical-para-sua-casa\/\",\"name\":\"Descubra como Fazer uma Horta Vertical Para sua Casa\",\"isPartOf\":{\"@id\":\"https:\/\/www.artesanato.com\/blog\/#website\"},\"datePublished\":\"2017-01-03T12:37:26+00:00\",\"dateModified\":\"2017-01-03T12:37:26+00:00\",\"author\":{\"@id\":\"https:\/\/www.artesanato.com\/blog\/#\/schema\/person\/3a295883c6deffc7e864b6c6e68358bd\"},\"description\":\"Ter uma alimenta\u00e7\u00e3o com ingredientes frescos \u00e9 tudo de bom. Veja dicas essenciais para criar uma horta vertical na sua casa aproveitando pequenos espa\u00e7os.\",\"breadcrumb\":{\"@id\":\"https:\/\/www.artesanato.com\/blog\/horta-vertical-para-sua-casa\/#breadcrumb\"},\"inLanguage\":\"pt-BR\",\"potentialAction\":[{\"@type\":\"ReadAction\",\"target\":[\"https:\/\/www.artesanato.com\/blog\/horta-vertical-para-sua-casa\/\"]}]},{\"@type\":\"BreadcrumbList\",\"@id\":\"https:\/\/www.artesanato.com\/blog\/horta-vertical-para-sua-casa\/#breadcrumb\",\"itemListElement\":[{\"@type\":\"ListItem\",\"position\":1,\"name\":\"In\u00edcio\",\"item\":\"https:\/\/www.artesanato.com\/blog\/\"},{\"@type\":\"ListItem\",\"position\":2,\"name\":\"Descubra Como Fazer uma Horta Vertical para sua Casa\"}]},{\"@type\":\"WebSite\",\"@id\":\"https:\/\/www.artesanato.com\/blog\/#website\",\"url\":\"https:\/\/www.artesanato.com\/blog\/\",\"name\":\"artesanato.com\",\"description\":\"Artesanato passo a passo para fazer em casa\",\"potentialAction\":[{\"@type\":\"SearchAction\",\"target\":{\"@type\":\"EntryPoint\",\"urlTemplate\":\"https:\/\/www.artesanato.com\/blog\/?s={search_term_string}\"},\"query-input\":\"required name=search_term_string\"}],\"inLanguage\":\"pt-BR\"},{\"@type\":\"Person\",\"@id\":\"https:\/\/www.artesanato.com\/blog\/#\/schema\/person\/3a295883c6deffc7e864b6c6e68358bd\",\"name\":\"Artesanato.com\",\"image\":{\"@type\":\"ImageObject\",\"inLanguage\":\"pt-BR\",\"@id\":\"https:\/\/www.artesanato.com\/blog\/#\/schema\/person\/image\/\",\"url\":\"https:\/\/secure.gravatar.com\/avatar\/979910b2336cf94ca2c41d68277b54a1?s=96&d=mm&r=g\",\"contentUrl\":\"https:\/\/secure.gravatar.com\/avatar\/979910b2336cf94ca2c41d68277b54a1?s=96&d=mm&r=g\",\"caption\":\"Artesanato.com\"},\"url\":\"https:\/\/www.artesanato.com\/blog\/author\/redacao\/\"}]}<\/script>\n<!-- \/ Yoast SEO plugin. -->","yoast_head_json":{"title":"Descubra como Fazer uma Horta Vertical Para sua Casa","description":"Ter uma alimenta\u00e7\u00e3o com ingredientes frescos \u00e9 tudo de bom. Veja dicas essenciais para criar uma horta vertical na sua casa aproveitando pequenos espa\u00e7os.","robots":{"index":"index","follow":"follow","max-snippet":"max-snippet:-1","max-image-preview":"max-image-preview:large","max-video-preview":"max-video-preview:-1"},"canonical":"https:\/\/www.artesanato.com\/blog\/horta-vertical-para-sua-casa\/","og_locale":"pt_BR","og_type":"article","og_title":"Tudo que voc\u00ea precisa saber para fazer uma horta vertical na sua casa","og_description":"Ter uma alimenta\u00e7\u00e3o com ingredientes frescos \u00e9 tudo de bom. Veja dicas essenciais para criar uma horta vertical na sua casa aproveitando pequenos espa\u00e7os.","og_url":"https:\/\/www.artesanato.com\/blog\/horta-vertical-para-sua-casa\/","og_site_name":"artesanato.com","article_published_time":"2017-01-03T12:37:26+00:00","author":"Artesanato.com","twitter_misc":{"Escrito por":"Artesanato.com","Est. tempo de leitura":"6 minutos"},"schema":{"@context":"https:\/\/schema.org","@graph":[{"@type":"WebPage","@id":"https:\/\/www.artesanato.com\/blog\/horta-vertical-para-sua-casa\/","url":"https:\/\/www.artesanato.com\/blog\/horta-vertical-para-sua-casa\/","name":"Descubra como Fazer uma Horta Vertical Para sua Casa","isPartOf":{"@id":"https:\/\/www.artesanato.com\/blog\/#website"},"datePublished":"2017-01-03T12:37:26+00:00","dateModified":"2017-01-03T12:37:26+00:00","author":{"@id":"https:\/\/www.artesanato.com\/blog\/#\/schema\/person\/3a295883c6deffc7e864b6c6e68358bd"},"description":"Ter uma alimenta\u00e7\u00e3o com ingredientes frescos \u00e9 tudo de bom. Veja dicas essenciais para criar uma horta vertical na sua casa aproveitando pequenos espa\u00e7os.","breadcrumb":{"@id":"https:\/\/www.artesanato.com\/blog\/horta-vertical-para-sua-casa\/#breadcrumb"},"inLanguage":"pt-BR","potentialAction":[{"@type":"ReadAction","target":["https:\/\/www.artesanato.com\/blog\/horta-vertical-para-sua-casa\/"]}]},{"@type":"BreadcrumbList","@id":"https:\/\/www.artesanato.com\/blog\/horta-vertical-para-sua-casa\/#breadcrumb","itemListElement":[{"@type":"ListItem","position":1,"name":"In\u00edcio","item":"https:\/\/www.artesanato.com\/blog\/"},{"@type":"ListItem","position":2,"name":"Descubra Como Fazer uma Horta Vertical para sua Casa"}]},{"@type":"WebSite","@id":"https:\/\/www.artesanato.com\/blog\/#website","url":"https:\/\/www.artesanato.com\/blog\/","name":"artesanato.com","description":"Artesanato passo a passo para fazer em casa","potentialAction":[{"@type":"SearchAction","target":{"@type":"EntryPoint","urlTemplate":"https:\/\/www.artesanato.com\/blog\/?s={search_term_string}"},"query-input":"required name=search_term_string"}],"inLanguage":"pt-BR"},{"@type":"Person","@id":"https:\/\/www.artesanato.com\/blog\/#\/schema\/person\/3a295883c6deffc7e864b6c6e68358bd","name":"Artesanato.com","image":{"@type":"ImageObject","inLanguage":"pt-BR","@id":"https:\/\/www.artesanato.com\/blog\/#\/schema\/person\/image\/","url":"https:\/\/secure.gravatar.com\/avatar\/979910b2336cf94ca2c41d68277b54a1?s=96&d=mm&r=g","contentUrl":"https:\/\/secure.gravatar.com\/avatar\/979910b2336cf94ca2c41d68277b54a1?s=96&d=mm&r=g","caption":"Artesanato.com"},"url":"https:\/\/www.artesanato.com\/blog\/author\/redacao\/"}]}},"amp_enabled":true,"_links":{"self":[{"href":"https:\/\/www.artesanato.com\/blog\/wp-json\/wp\/v2\/posts\/15669"}],"collection":[{"href":"https:\/\/www.artesanato.com\/blog\/wp-json\/wp\/v2\/posts"}],"about":[{"href":"https:\/\/www.artesanato.com\/blog\/wp-json\/wp\/v2\/types\/post"}],"author":[{"embeddable":true,"href":"https:\/\/www.artesanato.com\/blog\/wp-json\/wp\/v2\/users\/321"}],"replies":[{"embeddable":true,"href":"https:\/\/www.artesanato.com\/blog\/wp-json\/wp\/v2\/comments?post=15669"}],"version-history":[{"count":22,"href":"https:\/\/www.artesanato.com\/blog\/wp-json\/wp\/v2\/posts\/15669\/revisions"}],"predecessor-version":[{"id":15732,"href":"https:\/\/www.artesanato.com\/blog\/wp-json\/wp\/v2\/posts\/15669\/revisions\/15732"}],"wp:featuredmedia":[{"embeddable":true,"href":"https:\/\/www.artesanato.com\/blog\/wp-json\/wp\/v2\/media\/15705"}],"wp:attachment":[{"href":"https:\/\/www.artesanato.com\/blog\/wp-json\/wp\/v2\/media?parent=15669"}],"wp:term":[{"taxonomy":"category","embeddable":true,"href":"https:\/\/www.artesanato.com\/blog\/wp-json\/wp\/v2\/categories?post=15669"},{"taxonomy":"post_tag","embeddable":true,"href":"https:\/\/www.artesanato.com\/blog\/wp-json\/wp\/v2\/tags?post=15669"}],"curies":[{"name":"wp","href":"https:\/\/api.w.org\/{rel}","templated":true}]}}